{"id":1234,"date":"2019-12-13T22:26:24","date_gmt":"2019-12-13T22:26:24","guid":{"rendered":"http:\/\/miri-watson.de\/?p=1234"},"modified":"2020-12-11T12:56:28","modified_gmt":"2020-12-11T12:56:28","slug":"lesungen","status":"publish","type":"post","link":"https:\/\/miri-watson.de\/?p=1234","title":{"rendered":"Lesungen"},"content":{"rendered":"\n<p><strong>2020:<\/strong><\/p>\n\n\n\n<p><strong>VERGANGENHEIT<\/strong><\/p>\n\n\n\n<p><strong>10. Dezember, 20 Uhr<\/strong><br>Zoom-Lesung f\u00fcr Unicef Stuttgart mit anschlie\u00dfender Diskussion zum Thema soziale Ungerechtigkeit<br><br><\/p>\n\n\n\n<p><strong>26. September, 19.00 Uhr<\/strong><br><strong>T\u00fcbingen<\/strong>, Ammerb\u00fchne, Brunnenstra\u00dfe 3, 72070 T\u00fcbingen<br><em>Arabisch-deutsche Lesung im Rahmen der Kunst- und Kulturtage &#8222;Vielfalt ist Zukunft&#8220; des Arabischen Filmfestivals T\u00fcbingen gemeinsam mit Saleh Elsayed, der aus &#8222;Der Prophet&#8220; von Khalil Gibran liest<\/em><br><\/p>\n\n\n\n<p><strong>25. September, 19.30 Uhr<\/strong><br><strong>Stuttgart<\/strong>, Weltcaf\u00e9, Charlottenplatz 17, 70173 Stuttgart<br><em>Solilesung f\u00fcr UNICEF<\/em><\/p>\n\n\n\n<p><strong>11. September, 19 Uhr<br>T\u00fcbingen<\/strong>, Wennfeldhaus, Eisenhutstr. 50, 72072 T\u00fcbingen<br><\/p>\n\n\n\n<p><strong>16. Juli, 20 Uhr<br>T\u00fcbingen<\/strong>, Stadtteiltreff Wanne, Beim Herbstenhof 3, 72076 T\u00fcbingen<br><em>Lesung im Rahmen der Reihe &#8222;Sommerlekt\u00fcre&#8220;<\/em><br><\/p>\n\n\n\n<p><strong>6. Mai, ab 20 Uhr<\/strong><br>Virtuelle Tablatt-Gutenachtgeschichte auf<a href=\"http:\/\/www.tagblatt.de\"> tagblatt.de<\/a><br><\/p>\n\n\n\n<p><strong>21. M\u00e4rz, 16 Uhr<\/strong><br>Facebook-Lesung auf der Seite von <a href=\"https:\/\/www.facebook.com\/duotincta\/\">duotincta<\/a><br>Kann <a href=\"https:\/\/www.facebook.com\/duotincta\/videos\/2931298626953198\/?t=8\">hier<\/a> noch angeschaut werden<br><\/p>\n\n\n\n<p><strong>14. M\u00e4rz, 16 Uhr<\/strong><br>Instagram-Lesung auf <a href=\"https:\/\/www.instagram.com\/miri.watson\/?hl=de\">@miri.watson<\/a><br>Kann <a href=\"https:\/\/www.facebook.com\/mira.belle.1610\/videos\/10214460299341788\/\">hier<\/a> noch angeschaut werden<br><\/p>\n\n\n\n<p><strong>14. M\u00e4rz, 12 Uhr &#8211;<\/strong><em>ausgefallen wegen Covid-19<\/em><strong><br>Leipzig<\/strong>, Buchmesse, Leseinsel Junge Verlage (Halle 5, Stand G200)<br><\/p>\n\n\n\n<p><strong>12. M\u00e4rz, 20 Uhr &#8211; <\/strong><em>ausgefallen wegen Covid-19<\/em><strong><br>Leipzig<\/strong>, Beyerhaus  Ernst Schneller Str. 6, 04107 Leipzig  <br><em>Kurzlesung beim Indie-Literatur-Abend mit unterschiedlichen Autor_innen<\/em><br><\/p>\n\n\n\n<p><strong>2019:<\/strong><\/p>\n\n\n\n<p><strong>19. Dezember, 20 Uhr<br>Berlin<\/strong>, Periplaneta Literaturcaf\u00e9, Bornholmer Str. 81A, 10439 Berlin<br><em><a href=\"https:\/\/www.facebook.com\/events\/571632150294308\/\">Lesung bei den #4-Lesezeiten<\/a> zusammen mit Frank Rudkoffsky<\/em><\/p>\n\n\n\n<p><\/p>\n\n\n\n<p><\/p>\n\n\n\n<p><\/p>\n\n\n\n<p><\/p>\n\n\n\n<p><\/p>\n\n\n\n<p><\/p>\n\n\n\n<p><strong>18. Dezember, 19 Uhr<br>K\u00fchlungsborn<\/strong>, Alte B\u00fcdnerei, Doberaner Landweg 8, 18225 K\u00fchlungsborn<br><a href=\"https:\/\/www.facebook.com\/events\/935240923509913\/\">Ostsee-Premiere<\/a> von &#8222;Meer ohne Mo&#8220;<\/p>\n\n\n\n<p><strong>15. Dezember, 19 Uhr<\/strong><br><strong>M\u00fcnchen<\/strong>, Geyerwally, Landshuter Allee 165, 80637 M\u00fcnchen<\/p>\n\n\n\n<p><\/p>\n\n\n\n<p><strong>10. Dezember, 21 Uhr<br>T\u00fcbingen<\/strong>, Blauer Salon, M\u00fcnzgasse 12, 72072 T\u00fcbingen<br><em><a href=\"https:\/\/www.facebook.com\/events\/560261678064483\/?active_tab=about\">Premierenfeier<\/a> von &#8222;Meer ohne Mo&#8220;<br><\/em><\/p>\n\n\n\n<p><strong>8. Dezember, 20 Uhr:<\/strong> <br><strong>Wien<\/strong>, Das Faber, Bischof-Faber-Platz 8, A-1180 Wien<\/p>\n\n\n\n<p><strong>7. Dezember, 20 Uhr<br>Wien,<\/strong>&nbsp;Caf\u00e9 Weidinger, Lerchenfelder G\u00fcrtel 1, A-1160 Wien<\/p>\n\n\n\n<p><\/p>\n\n\n\n<p><strong>22. November, 11 Uhr<\/strong><br><strong>T\u00fcbingen<\/strong>, <a href=\"http:\/\/www.wueste-welle.de\">Freies Radio W\u00fcste Welle<\/a> &#8211; Lokalmagazin (96,6 mHz oder im Livestream)<br><em>Buchvorstellung &#8222;Meer ohne Mo&#8220; und Gespr\u00e4ch im Radio (<a href=\"https:\/\/www.wueste-welle.de\/redaktion\/view\/id\/25\/tab\/weblog\/article\/72340\/Miri_Watson____Meer_ohne_Mo.html\">hier<\/a> gibt es die Sendung und die Lesestellen zum Nachh\u00f6ren!)<\/em><br><\/p>\n\n\n\n<p><\/p>\n\n\n\n<p><strong>2. November, 17:00 Uhr<br>K\u00fchlungsborn<\/strong>, Alte B\u00fcdnerei, Doberaner Landweg 8, 18225 K\u00fchlungsborn<br><em>Manuskriptlesung im Rahmen der Veranstaltung &#8222;F\u00fcnf Jahre Verlag duotincta Berlin&#8220;<br><\/em><\/p>\n\n\n\n<p>&nbsp;<\/p>\n\n\n\n<p>&nbsp;<\/p>\n","protected":false},"excerpt":{"rendered":"<p>2020: VERGANGENHEIT 10. Dezember, 20 UhrZoom-Lesung f\u00fcr Unicef Stuttgart mit anschlie\u00dfender Diskussion zum Thema soziale Ungerechtigkeit 26. September, 19.00 UhrT\u00fcbingen, Ammerb\u00fchne, Brunnenstra\u00dfe 3, 72070 T\u00fcbingenArabisch-deutsche Lesung im Rahmen der Kunst- und Kulturtage &#8222;Vielfalt ist Zukunft&#8220; des Arabischen Filmfestivals T\u00fcbingen gemeinsam mit Saleh Elsayed, der aus &#8222;Der Prophet&#8220; von Khalil Gibran liest 25. September, 19.30 UhrStuttgart, &hellip; <\/p>\n<p class=\"link-more\"><a href=\"https:\/\/miri-watson.de\/?p=1234\" class=\"more-link\"><span class=\"screen-reader-text\">\u201eLesungen\u201c<\/span> weiterlesen<\/a><\/p>\n","protected":false},"author":1,"featured_media":0,"comment_status":"open","ping_status":"open","sticky":false,"template":"","format":"standard","meta":{"ngg_post_thumbnail":0},"categories":[8,11,24],"tags":[22,28,27,25,21,26],"_links":{"self":[{"href":"https:\/\/miri-watson.de\/index.php?rest_route=\/wp\/v2\/posts\/1234"}],"collection":[{"href":"https:\/\/miri-watson.de\/index.php?rest_route=\/wp\/v2\/posts"}],"about":[{"href":"https:\/\/miri-watson.de\/index.php?rest_route=\/wp\/v2\/types\/post"}],"author":[{"embeddable":true,"href":"https:\/\/miri-watson.de\/index.php?rest_route=\/wp\/v2\/users\/1"}],"replies":[{"embeddable":true,"href":"https:\/\/miri-watson.de\/index.php?rest_route=%2Fwp%2Fv2%2Fcomments&post=1234"}],"version-history":[{"count":28,"href":"https:\/\/miri-watson.de\/index.php?rest_route=\/wp\/v2\/posts\/1234\/revisions"}],"predecessor-version":[{"id":1325,"href":"https:\/\/miri-watson.de\/index.php?rest_route=\/wp\/v2\/posts\/1234\/revisions\/1325"}],"wp:attachment":[{"href":"https:\/\/miri-watson.de\/index.php?rest_route=%2Fwp%2Fv2%2Fmedia&parent=1234"}],"wp:term":[{"taxonomy":"category","embeddable":true,"href":"https:\/\/miri-watson.de\/index.php?rest_route=%2Fwp%2Fv2%2Fcategories&post=1234"},{"taxonomy":"post_tag","embeddable":true,"href":"https:\/\/miri-watson.de\/index.php?rest_route=%2Fwp%2Fv2%2Ftags&post=1234"}],"curies":[{"name":"wp","href":"https:\/\/api.w.org\/{rel}","templated":true}]}}